{"id":4293,"date":"2025-04-25T20:08:43","date_gmt":"2025-04-25T18:08:43","guid":{"rendered":"https:\/\/www.parrocchiasantacecilia.it\/?p=4293"},"modified":"2025-04-25T20:36:46","modified_gmt":"2025-04-25T18:36:46","slug":"pubblicazione-don-pinuccio-e-la-chiesa-di-santa-cecilia","status":"publish","type":"post","link":"https:\/\/www.parrocchiasantacecilia.it\/index.php\/2025\/04\/25\/pubblicazione-don-pinuccio-e-la-chiesa-di-santa-cecilia\/","title":{"rendered":"pubblicazione &#8220;Don Pinuccio e la Chiesa di Santa Cecilia&#8221;"},"content":{"rendered":"<p>Come ogni edificio che vive e accoglie, anche la nostra Chiesa ha bisogno, di tanto in tanto, di interventi di manutenzione per conservarne la bellezza e la funzionalit\u00e0.<\/p>\n<p>Di recente \u00e8 stata avviata una raccolta fondi per finanziare un importante intervento di tinteggiatura, con l\u2019obiettivo di restituire decoro e freschezza al nostro luogo di culto.<\/p>\n<p>A sostegno di questa iniziativa, abbiamo la gioia di annunciare la pubblicazione del libretto &#8220;Don Pinuccio e la Chiesa di Santa Cecilia \u2013 Dalla baracca alla Chiesa\u2026 storia di un parroco e nascita della sua Comunit\u00e0&#8221;, donato con generosit\u00e0 da un nostro parrocchiano, Tommaso Cristiani.<\/p>\n<p>Questo prezioso lavoro, frutto della memoria viva di uno dei pi\u00f9 stretti collaboratori di don Pinuccio, ripercorre le tappe fondamentali della nascita e dello sviluppo della nostra Comunit\u00e0, dagli anni difficili del post-terremoto fino alla costruzione della nostra amata Chiesa.<\/p>\n<p>Un racconto appassionato, fatto di volti, episodi, aneddoti e tanta umanit\u00e0, che testimonia con autenticit\u00e0 la storia e la crescita della nostra Comunit\u00e0.<\/p>\n<p>Il libretto \u00e8 disponibile al costo di \u20ac20. Per l\u2019acquisto \u00e8 possibile rivolgersi in segreteria parrocchiale oppure in sacrestia, al termine delle celebrazioni.<br \/>\nL\u2019intero ricavato sar\u00e0 destinato ai lavori di tinteggiatura della Chiesa.<\/p>\n<p>Acquistare questo libretto significa portare con s\u00e9 un pezzo della nostra storia e, allo stesso tempo, contribuire concretamente alla cura e al futuro della nostra Comunit\u00e0.<\/p>\n<p>Un grazie di cuore a Tommaso Cristiani per averci donato non solo un libro, ma un vero atto d\u2019amore e memoria per tutta Santa Cecilia.<\/p>\n<p>&nbsp;<\/p>\n<p><a href=\"https:\/\/www.parrocchiasantacecilia.it\/index.php\/2025\/04\/25\/pubblicazione-don-pinuccio-e-la-chiesa-di-santa-cecilia\/pubblicazione-tommaso\/\" rel=\"attachment wp-att-4294\"><img loading=\"lazy\" decoding=\"async\" class=\" wp-image-4294 aligncenter\" src=\"https:\/\/www.parrocchiasantacecilia.it\/wp-content\/uploads\/2025\/04\/Pubblicazione-Tommaso-199x300.jpg\" alt=\"\" width=\"315\" height=\"475\" srcset=\"https:\/\/www.parrocchiasantacecilia.it\/wp-content\/uploads\/2025\/04\/Pubblicazione-Tommaso-199x300.jpg 199w, https:\/\/www.parrocchiasantacecilia.it\/wp-content\/uploads\/2025\/04\/Pubblicazione-Tommaso-768x1160.jpg 768w, https:\/\/www.parrocchiasantacecilia.it\/wp-content\/uploads\/2025\/04\/Pubblicazione-Tommaso-678x1024.jpg 678w, https:\/\/www.parrocchiasantacecilia.it\/wp-content\/uploads\/2025\/04\/Pubblicazione-Tommaso-1017x1536.jpg 1017w, https:\/\/www.parrocchiasantacecilia.it\/wp-content\/uploads\/2025\/04\/Pubblicazione-Tommaso-1355x2048.jpg 1355w, https:\/\/www.parrocchiasantacecilia.it\/wp-content\/uploads\/2025\/04\/Pubblicazione-Tommaso.jpg 1452w\" sizes=\"auto, (max-width: 315px) 100vw, 315px\" \/><\/a><\/p>\n","protected":false},"excerpt":{"rendered":"<p>Come ogni edificio che vive e accoglie, anche la nostra Chiesa ha bisogno, di tanto in tanto, di interventi di manutenzione per conservarne la bellezza e la funzionalit\u00e0. Di recente \u00e8 stata avviata una raccolta fondi per finanziare un importante intervento di tinteggiatura, con l\u2019obiettivo di restituire decoro e freschezza al nostro luogo di culto. A sostegno di questa iniziativa, abbiamo la gioia di annunciare la pubblicazione del libretto &#8220;Don Pinuccio e la Chiesa di Santa Cecilia \u2013 Dalla baracca [&hellip;]<\/p>\n","protected":false},"author":1,"featured_media":4294,"comment_status":"open","ping_status":"open","sticky":false,"template":"","format":"video","meta":{"ngg_post_thumbnail":0,"footnotes":""},"categories":[42],"tags":[],"class_list":["post-4293","post","type-post","status-publish","format-video","has-post-thumbnail","hentry","category-bacheca","post_format-post-format-video"],"yoast_head":"<!-- This site is optimized with the Yoast SEO plugin v27.4 - https:\/\/yoast.com\/product\/yoast-seo-wordpress\/ -->\n<title>pubblicazione &quot;Don Pinuccio e la Chiesa di Santa Cecilia&quot; - Parrocchia Santa Cecilia<\/title>\n<meta name=\"robots\" content=\"index, follow, max-snippet:-1, max-image-preview:large, max-video-preview:-1\" \/>\n<link rel=\"canonical\" href=\"https:\/\/www.parrocchiasantacecilia.it\/index.php\/2025\/04\/25\/pubblicazione-don-pinuccio-e-la-chiesa-di-santa-cecilia\/\" \/>\n<meta property=\"og:locale\" content=\"it_IT\" \/>\n<meta property=\"og:type\" content=\"article\" \/>\n<meta property=\"og:title\" content=\"pubblicazione &quot;Don Pinuccio e la Chiesa di Santa Cecilia&quot; - Parrocchia Santa Cecilia\" \/>\n<meta property=\"og:description\" content=\"Come ogni edificio che vive e accoglie, anche la nostra Chiesa ha bisogno, di tanto in tanto, di interventi di manutenzione per conservarne la bellezza e la funzionalit\u00e0. Di recente \u00e8 stata avviata una raccolta fondi per finanziare un importante intervento di tinteggiatura, con l\u2019obiettivo di restituire decoro e freschezza al nostro luogo di culto. A sostegno di questa iniziativa, abbiamo la gioia di annunciare la pubblicazione del libretto &#8220;Don Pinuccio e la Chiesa di Santa Cecilia \u2013 Dalla baracca [&hellip;]\" \/>\n<meta property=\"og:url\" content=\"https:\/\/www.parrocchiasantacecilia.it\/index.php\/2025\/04\/25\/pubblicazione-don-pinuccio-e-la-chiesa-di-santa-cecilia\/\" \/>\n<meta property=\"og:site_name\" content=\"Parrocchia Santa Cecilia\" \/>\n<meta property=\"article:publisher\" content=\"https:\/\/www.facebook.com\/ParrocchiaSantaCeciliaPotenza\/\" \/>\n<meta property=\"article:published_time\" content=\"2025-04-25T18:08:43+00:00\" \/>\n<meta property=\"article:modified_time\" content=\"2025-04-25T18:36:46+00:00\" \/>\n<meta property=\"og:image\" content=\"https:\/\/www.parrocchiasantacecilia.it\/wp-content\/uploads\/2025\/04\/Pubblicazione-Tommaso.jpg\" \/>\n\t<meta property=\"og:image:width\" content=\"1452\" \/>\n\t<meta property=\"og:image:height\" content=\"2194\" \/>\n\t<meta property=\"og:image:type\" content=\"image\/jpeg\" \/>\n<meta name=\"author\" content=\"Parrocchia Santa Cecilia\" \/>\n<meta name=\"twitter:card\" content=\"summary_large_image\" \/>\n<meta name=\"twitter:label1\" content=\"Scritto da\" \/>\n\t<meta name=\"twitter:data1\" content=\"Parrocchia Santa Cecilia\" \/>\n\t<meta name=\"twitter:label2\" content=\"Tempo di lettura stimato\" \/>\n\t<meta name=\"twitter:data2\" content=\"1 minuto\" \/>\n<script type=\"application\/ld+json\" class=\"yoast-schema-graph\">{\"@context\":\"https:\\\/\\\/schema.org\",\"@graph\":[{\"@type\":\"Article\",\"@id\":\"https:\\\/\\\/www.parrocchiasantacecilia.it\\\/index.php\\\/2025\\\/04\\\/25\\\/pubblicazione-don-pinuccio-e-la-chiesa-di-santa-cecilia\\\/#article\",\"isPartOf\":{\"@id\":\"https:\\\/\\\/www.parrocchiasantacecilia.it\\\/index.php\\\/2025\\\/04\\\/25\\\/pubblicazione-don-pinuccio-e-la-chiesa-di-santa-cecilia\\\/\"},\"author\":{\"name\":\"Parrocchia Santa Cecilia\",\"@id\":\"https:\\\/\\\/www.parrocchiasantacecilia.it\\\/#\\\/schema\\\/person\\\/918107dc70c7282ee24a85fc70f84d88\"},\"headline\":\"pubblicazione &#8220;Don Pinuccio e la Chiesa di Santa Cecilia&#8221;\",\"datePublished\":\"2025-04-25T18:08:43+00:00\",\"dateModified\":\"2025-04-25T18:36:46+00:00\",\"mainEntityOfPage\":{\"@id\":\"https:\\\/\\\/www.parrocchiasantacecilia.it\\\/index.php\\\/2025\\\/04\\\/25\\\/pubblicazione-don-pinuccio-e-la-chiesa-di-santa-cecilia\\\/\"},\"wordCount\":256,\"commentCount\":0,\"publisher\":{\"@id\":\"https:\\\/\\\/www.parrocchiasantacecilia.it\\\/#organization\"},\"image\":{\"@id\":\"https:\\\/\\\/www.parrocchiasantacecilia.it\\\/index.php\\\/2025\\\/04\\\/25\\\/pubblicazione-don-pinuccio-e-la-chiesa-di-santa-cecilia\\\/#primaryimage\"},\"thumbnailUrl\":\"https:\\\/\\\/www.parrocchiasantacecilia.it\\\/wp-content\\\/uploads\\\/2025\\\/04\\\/Pubblicazione-Tommaso.jpg\",\"articleSection\":[\"Bacheca\"],\"inLanguage\":\"it-IT\",\"potentialAction\":[{\"@type\":\"CommentAction\",\"name\":\"Comment\",\"target\":[\"https:\\\/\\\/www.parrocchiasantacecilia.it\\\/index.php\\\/2025\\\/04\\\/25\\\/pubblicazione-don-pinuccio-e-la-chiesa-di-santa-cecilia\\\/#respond\"]}]},{\"@type\":\"WebPage\",\"@id\":\"https:\\\/\\\/www.parrocchiasantacecilia.it\\\/index.php\\\/2025\\\/04\\\/25\\\/pubblicazione-don-pinuccio-e-la-chiesa-di-santa-cecilia\\\/\",\"url\":\"https:\\\/\\\/www.parrocchiasantacecilia.it\\\/index.php\\\/2025\\\/04\\\/25\\\/pubblicazione-don-pinuccio-e-la-chiesa-di-santa-cecilia\\\/\",\"name\":\"pubblicazione \\\"Don Pinuccio e la Chiesa di Santa Cecilia\\\" - Parrocchia Santa Cecilia\",\"isPartOf\":{\"@id\":\"https:\\\/\\\/www.parrocchiasantacecilia.it\\\/#website\"},\"primaryImageOfPage\":{\"@id\":\"https:\\\/\\\/www.parrocchiasantacecilia.it\\\/index.php\\\/2025\\\/04\\\/25\\\/pubblicazione-don-pinuccio-e-la-chiesa-di-santa-cecilia\\\/#primaryimage\"},\"image\":{\"@id\":\"https:\\\/\\\/www.parrocchiasantacecilia.it\\\/index.php\\\/2025\\\/04\\\/25\\\/pubblicazione-don-pinuccio-e-la-chiesa-di-santa-cecilia\\\/#primaryimage\"},\"thumbnailUrl\":\"https:\\\/\\\/www.parrocchiasantacecilia.it\\\/wp-content\\\/uploads\\\/2025\\\/04\\\/Pubblicazione-Tommaso.jpg\",\"datePublished\":\"2025-04-25T18:08:43+00:00\",\"dateModified\":\"2025-04-25T18:36:46+00:00\",\"breadcrumb\":{\"@id\":\"https:\\\/\\\/www.parrocchiasantacecilia.it\\\/index.php\\\/2025\\\/04\\\/25\\\/pubblicazione-don-pinuccio-e-la-chiesa-di-santa-cecilia\\\/#breadcrumb\"},\"inLanguage\":\"it-IT\",\"potentialAction\":[{\"@type\":\"ReadAction\",\"target\":[\"https:\\\/\\\/www.parrocchiasantacecilia.it\\\/index.php\\\/2025\\\/04\\\/25\\\/pubblicazione-don-pinuccio-e-la-chiesa-di-santa-cecilia\\\/\"]}]},{\"@type\":\"ImageObject\",\"inLanguage\":\"it-IT\",\"@id\":\"https:\\\/\\\/www.parrocchiasantacecilia.it\\\/index.php\\\/2025\\\/04\\\/25\\\/pubblicazione-don-pinuccio-e-la-chiesa-di-santa-cecilia\\\/#primaryimage\",\"url\":\"https:\\\/\\\/www.parrocchiasantacecilia.it\\\/wp-content\\\/uploads\\\/2025\\\/04\\\/Pubblicazione-Tommaso.jpg\",\"contentUrl\":\"https:\\\/\\\/www.parrocchiasantacecilia.it\\\/wp-content\\\/uploads\\\/2025\\\/04\\\/Pubblicazione-Tommaso.jpg\",\"width\":1452,\"height\":2194},{\"@type\":\"BreadcrumbList\",\"@id\":\"https:\\\/\\\/www.parrocchiasantacecilia.it\\\/index.php\\\/2025\\\/04\\\/25\\\/pubblicazione-don-pinuccio-e-la-chiesa-di-santa-cecilia\\\/#breadcrumb\",\"itemListElement\":[{\"@type\":\"ListItem\",\"position\":1,\"name\":\"Home\",\"item\":\"https:\\\/\\\/www.parrocchiasantacecilia.it\\\/\"},{\"@type\":\"ListItem\",\"position\":2,\"name\":\"pubblicazione &#8220;Don Pinuccio e la Chiesa di Santa Cecilia&#8221;\"}]},{\"@type\":\"WebSite\",\"@id\":\"https:\\\/\\\/www.parrocchiasantacecilia.it\\\/#website\",\"url\":\"https:\\\/\\\/www.parrocchiasantacecilia.it\\\/\",\"name\":\"Parrocchia Santa Cecilia\",\"description\":\"Benvenuti nel sito della Parrocchia Santa Cecilia di Potenza\",\"publisher\":{\"@id\":\"https:\\\/\\\/www.parrocchiasantacecilia.it\\\/#organization\"},\"potentialAction\":[{\"@type\":\"SearchAction\",\"target\":{\"@type\":\"EntryPoint\",\"urlTemplate\":\"https:\\\/\\\/www.parrocchiasantacecilia.it\\\/?s={search_term_string}\"},\"query-input\":{\"@type\":\"PropertyValueSpecification\",\"valueRequired\":true,\"valueName\":\"search_term_string\"}}],\"inLanguage\":\"it-IT\"},{\"@type\":\"Organization\",\"@id\":\"https:\\\/\\\/www.parrocchiasantacecilia.it\\\/#organization\",\"name\":\"Parrocchia S. Cecilia\",\"url\":\"https:\\\/\\\/www.parrocchiasantacecilia.it\\\/\",\"logo\":{\"@type\":\"ImageObject\",\"inLanguage\":\"it-IT\",\"@id\":\"https:\\\/\\\/www.parrocchiasantacecilia.it\\\/#\\\/schema\\\/logo\\\/image\\\/\",\"url\":\"https:\\\/\\\/www.parrocchiasantacecilia.it\\\/wp-content\\\/uploads\\\/2021\\\/06\\\/Parrocchia-Santa-Cecilia-\u2013-Benvenuti-nel-sito-della-Parrocchia-Santa-Cecilia-di-Potenza-\u2013-Mozilla-Firefox-Navigazione-anonima-25_06_2021-18_56_32.jpg\",\"contentUrl\":\"https:\\\/\\\/www.parrocchiasantacecilia.it\\\/wp-content\\\/uploads\\\/2021\\\/06\\\/Parrocchia-Santa-Cecilia-\u2013-Benvenuti-nel-sito-della-Parrocchia-Santa-Cecilia-di-Potenza-\u2013-Mozilla-Firefox-Navigazione-anonima-25_06_2021-18_56_32.jpg\",\"width\":1200,\"height\":630,\"caption\":\"Parrocchia S. Cecilia\"},\"image\":{\"@id\":\"https:\\\/\\\/www.parrocchiasantacecilia.it\\\/#\\\/schema\\\/logo\\\/image\\\/\"},\"sameAs\":[\"https:\\\/\\\/www.facebook.com\\\/ParrocchiaSantaCeciliaPotenza\\\/\",\"https:\\\/\\\/www.youtube.com\\\/c\\\/ParrocchiaSantaCeciliaPotenza\"]},{\"@type\":\"Person\",\"@id\":\"https:\\\/\\\/www.parrocchiasantacecilia.it\\\/#\\\/schema\\\/person\\\/918107dc70c7282ee24a85fc70f84d88\",\"name\":\"Parrocchia Santa Cecilia\",\"image\":{\"@type\":\"ImageObject\",\"inLanguage\":\"it-IT\",\"@id\":\"https:\\\/\\\/secure.gravatar.com\\\/avatar\\\/4e4674a3952fa6444212c12e815f25a3d6cd9d8d5c1cad960484c02db3b092b2?s=96&d=mm&r=g\",\"url\":\"https:\\\/\\\/secure.gravatar.com\\\/avatar\\\/4e4674a3952fa6444212c12e815f25a3d6cd9d8d5c1cad960484c02db3b092b2?s=96&d=mm&r=g\",\"contentUrl\":\"https:\\\/\\\/secure.gravatar.com\\\/avatar\\\/4e4674a3952fa6444212c12e815f25a3d6cd9d8d5c1cad960484c02db3b092b2?s=96&d=mm&r=g\",\"caption\":\"Parrocchia Santa Cecilia\"},\"sameAs\":[\"http:\\\/\\\/www.parrocchiasantacecilia.it\"]}]}<\/script>\n<!-- \/ Yoast SEO plugin. -->","yoast_head_json":{"title":"pubblicazione \"Don Pinuccio e la Chiesa di Santa Cecilia\" - Parrocchia Santa Cecilia","robots":{"index":"index","follow":"follow","max-snippet":"max-snippet:-1","max-image-preview":"max-image-preview:large","max-video-preview":"max-video-preview:-1"},"canonical":"https:\/\/www.parrocchiasantacecilia.it\/index.php\/2025\/04\/25\/pubblicazione-don-pinuccio-e-la-chiesa-di-santa-cecilia\/","og_locale":"it_IT","og_type":"article","og_title":"pubblicazione \"Don Pinuccio e la Chiesa di Santa Cecilia\" - Parrocchia Santa Cecilia","og_description":"Come ogni edificio che vive e accoglie, anche la nostra Chiesa ha bisogno, di tanto in tanto, di interventi di manutenzione per conservarne la bellezza e la funzionalit\u00e0. Di recente \u00e8 stata avviata una raccolta fondi per finanziare un importante intervento di tinteggiatura, con l\u2019obiettivo di restituire decoro e freschezza al nostro luogo di culto. A sostegno di questa iniziativa, abbiamo la gioia di annunciare la pubblicazione del libretto &#8220;Don Pinuccio e la Chiesa di Santa Cecilia \u2013 Dalla baracca [&hellip;]","og_url":"https:\/\/www.parrocchiasantacecilia.it\/index.php\/2025\/04\/25\/pubblicazione-don-pinuccio-e-la-chiesa-di-santa-cecilia\/","og_site_name":"Parrocchia Santa Cecilia","article_publisher":"https:\/\/www.facebook.com\/ParrocchiaSantaCeciliaPotenza\/","article_published_time":"2025-04-25T18:08:43+00:00","article_modified_time":"2025-04-25T18:36:46+00:00","og_image":[{"width":1452,"height":2194,"url":"https:\/\/www.parrocchiasantacecilia.it\/wp-content\/uploads\/2025\/04\/Pubblicazione-Tommaso.jpg","type":"image\/jpeg"}],"author":"Parrocchia Santa Cecilia","twitter_card":"summary_large_image","twitter_misc":{"Scritto da":"Parrocchia Santa Cecilia","Tempo di lettura stimato":"1 minuto"},"schema":{"@context":"https:\/\/schema.org","@graph":[{"@type":"Article","@id":"https:\/\/www.parrocchiasantacecilia.it\/index.php\/2025\/04\/25\/pubblicazione-don-pinuccio-e-la-chiesa-di-santa-cecilia\/#article","isPartOf":{"@id":"https:\/\/www.parrocchiasantacecilia.it\/index.php\/2025\/04\/25\/pubblicazione-don-pinuccio-e-la-chiesa-di-santa-cecilia\/"},"author":{"name":"Parrocchia Santa Cecilia","@id":"https:\/\/www.parrocchiasantacecilia.it\/#\/schema\/person\/918107dc70c7282ee24a85fc70f84d88"},"headline":"pubblicazione &#8220;Don Pinuccio e la Chiesa di Santa Cecilia&#8221;","datePublished":"2025-04-25T18:08:43+00:00","dateModified":"2025-04-25T18:36:46+00:00","mainEntityOfPage":{"@id":"https:\/\/www.parrocchiasantacecilia.it\/index.php\/2025\/04\/25\/pubblicazione-don-pinuccio-e-la-chiesa-di-santa-cecilia\/"},"wordCount":256,"commentCount":0,"publisher":{"@id":"https:\/\/www.parrocchiasantacecilia.it\/#organization"},"image":{"@id":"https:\/\/www.parrocchiasantacecilia.it\/index.php\/2025\/04\/25\/pubblicazione-don-pinuccio-e-la-chiesa-di-santa-cecilia\/#primaryimage"},"thumbnailUrl":"https:\/\/www.parrocchiasantacecilia.it\/wp-content\/uploads\/2025\/04\/Pubblicazione-Tommaso.jpg","articleSection":["Bacheca"],"inLanguage":"it-IT","potentialAction":[{"@type":"CommentAction","name":"Comment","target":["https:\/\/www.parrocchiasantacecilia.it\/index.php\/2025\/04\/25\/pubblicazione-don-pinuccio-e-la-chiesa-di-santa-cecilia\/#respond"]}]},{"@type":"WebPage","@id":"https:\/\/www.parrocchiasantacecilia.it\/index.php\/2025\/04\/25\/pubblicazione-don-pinuccio-e-la-chiesa-di-santa-cecilia\/","url":"https:\/\/www.parrocchiasantacecilia.it\/index.php\/2025\/04\/25\/pubblicazione-don-pinuccio-e-la-chiesa-di-santa-cecilia\/","name":"pubblicazione \"Don Pinuccio e la Chiesa di Santa Cecilia\" - Parrocchia Santa Cecilia","isPartOf":{"@id":"https:\/\/www.parrocchiasantacecilia.it\/#website"},"primaryImageOfPage":{"@id":"https:\/\/www.parrocchiasantacecilia.it\/index.php\/2025\/04\/25\/pubblicazione-don-pinuccio-e-la-chiesa-di-santa-cecilia\/#primaryimage"},"image":{"@id":"https:\/\/www.parrocchiasantacecilia.it\/index.php\/2025\/04\/25\/pubblicazione-don-pinuccio-e-la-chiesa-di-santa-cecilia\/#primaryimage"},"thumbnailUrl":"https:\/\/www.parrocchiasantacecilia.it\/wp-content\/uploads\/2025\/04\/Pubblicazione-Tommaso.jpg","datePublished":"2025-04-25T18:08:43+00:00","dateModified":"2025-04-25T18:36:46+00:00","breadcrumb":{"@id":"https:\/\/www.parrocchiasantacecilia.it\/index.php\/2025\/04\/25\/pubblicazione-don-pinuccio-e-la-chiesa-di-santa-cecilia\/#breadcrumb"},"inLanguage":"it-IT","potentialAction":[{"@type":"ReadAction","target":["https:\/\/www.parrocchiasantacecilia.it\/index.php\/2025\/04\/25\/pubblicazione-don-pinuccio-e-la-chiesa-di-santa-cecilia\/"]}]},{"@type":"ImageObject","inLanguage":"it-IT","@id":"https:\/\/www.parrocchiasantacecilia.it\/index.php\/2025\/04\/25\/pubblicazione-don-pinuccio-e-la-chiesa-di-santa-cecilia\/#primaryimage","url":"https:\/\/www.parrocchiasantacecilia.it\/wp-content\/uploads\/2025\/04\/Pubblicazione-Tommaso.jpg","contentUrl":"https:\/\/www.parrocchiasantacecilia.it\/wp-content\/uploads\/2025\/04\/Pubblicazione-Tommaso.jpg","width":1452,"height":2194},{"@type":"BreadcrumbList","@id":"https:\/\/www.parrocchiasantacecilia.it\/index.php\/2025\/04\/25\/pubblicazione-don-pinuccio-e-la-chiesa-di-santa-cecilia\/#breadcrumb","itemListElement":[{"@type":"ListItem","position":1,"name":"Home","item":"https:\/\/www.parrocchiasantacecilia.it\/"},{"@type":"ListItem","position":2,"name":"pubblicazione &#8220;Don Pinuccio e la Chiesa di Santa Cecilia&#8221;"}]},{"@type":"WebSite","@id":"https:\/\/www.parrocchiasantacecilia.it\/#website","url":"https:\/\/www.parrocchiasantacecilia.it\/","name":"Parrocchia Santa Cecilia","description":"Benvenuti nel sito della Parrocchia Santa Cecilia di Potenza","publisher":{"@id":"https:\/\/www.parrocchiasantacecilia.it\/#organization"},"potentialAction":[{"@type":"SearchAction","target":{"@type":"EntryPoint","urlTemplate":"https:\/\/www.parrocchiasantacecilia.it\/?s={search_term_string}"},"query-input":{"@type":"PropertyValueSpecification","valueRequired":true,"valueName":"search_term_string"}}],"inLanguage":"it-IT"},{"@type":"Organization","@id":"https:\/\/www.parrocchiasantacecilia.it\/#organization","name":"Parrocchia S. Cecilia","url":"https:\/\/www.parrocchiasantacecilia.it\/","logo":{"@type":"ImageObject","inLanguage":"it-IT","@id":"https:\/\/www.parrocchiasantacecilia.it\/#\/schema\/logo\/image\/","url":"https:\/\/www.parrocchiasantacecilia.it\/wp-content\/uploads\/2021\/06\/Parrocchia-Santa-Cecilia-\u2013-Benvenuti-nel-sito-della-Parrocchia-Santa-Cecilia-di-Potenza-\u2013-Mozilla-Firefox-Navigazione-anonima-25_06_2021-18_56_32.jpg","contentUrl":"https:\/\/www.parrocchiasantacecilia.it\/wp-content\/uploads\/2021\/06\/Parrocchia-Santa-Cecilia-\u2013-Benvenuti-nel-sito-della-Parrocchia-Santa-Cecilia-di-Potenza-\u2013-Mozilla-Firefox-Navigazione-anonima-25_06_2021-18_56_32.jpg","width":1200,"height":630,"caption":"Parrocchia S. Cecilia"},"image":{"@id":"https:\/\/www.parrocchiasantacecilia.it\/#\/schema\/logo\/image\/"},"sameAs":["https:\/\/www.facebook.com\/ParrocchiaSantaCeciliaPotenza\/","https:\/\/www.youtube.com\/c\/ParrocchiaSantaCeciliaPotenza"]},{"@type":"Person","@id":"https:\/\/www.parrocchiasantacecilia.it\/#\/schema\/person\/918107dc70c7282ee24a85fc70f84d88","name":"Parrocchia Santa Cecilia","image":{"@type":"ImageObject","inLanguage":"it-IT","@id":"https:\/\/secure.gravatar.com\/avatar\/4e4674a3952fa6444212c12e815f25a3d6cd9d8d5c1cad960484c02db3b092b2?s=96&d=mm&r=g","url":"https:\/\/secure.gravatar.com\/avatar\/4e4674a3952fa6444212c12e815f25a3d6cd9d8d5c1cad960484c02db3b092b2?s=96&d=mm&r=g","contentUrl":"https:\/\/secure.gravatar.com\/avatar\/4e4674a3952fa6444212c12e815f25a3d6cd9d8d5c1cad960484c02db3b092b2?s=96&d=mm&r=g","caption":"Parrocchia Santa Cecilia"},"sameAs":["http:\/\/www.parrocchiasantacecilia.it"]}]}},"_links":{"self":[{"href":"https:\/\/www.parrocchiasantacecilia.it\/index.php\/wp-json\/wp\/v2\/posts\/4293","targetHints":{"allow":["GET"]}}],"collection":[{"href":"https:\/\/www.parrocchiasantacecilia.it\/index.php\/wp-json\/wp\/v2\/posts"}],"about":[{"href":"https:\/\/www.parrocchiasantacecilia.it\/index.php\/wp-json\/wp\/v2\/types\/post"}],"author":[{"embeddable":true,"href":"https:\/\/www.parrocchiasantacecilia.it\/index.php\/wp-json\/wp\/v2\/users\/1"}],"replies":[{"embeddable":true,"href":"https:\/\/www.parrocchiasantacecilia.it\/index.php\/wp-json\/wp\/v2\/comments?post=4293"}],"version-history":[{"count":2,"href":"https:\/\/www.parrocchiasantacecilia.it\/index.php\/wp-json\/wp\/v2\/posts\/4293\/revisions"}],"predecessor-version":[{"id":4302,"href":"https:\/\/www.parrocchiasantacecilia.it\/index.php\/wp-json\/wp\/v2\/posts\/4293\/revisions\/4302"}],"wp:featuredmedia":[{"embeddable":true,"href":"https:\/\/www.parrocchiasantacecilia.it\/index.php\/wp-json\/wp\/v2\/media\/4294"}],"wp:attachment":[{"href":"https:\/\/www.parrocchiasantacecilia.it\/index.php\/wp-json\/wp\/v2\/media?parent=4293"}],"wp:term":[{"taxonomy":"category","embeddable":true,"href":"https:\/\/www.parrocchiasantacecilia.it\/index.php\/wp-json\/wp\/v2\/categories?post=4293"},{"taxonomy":"post_tag","embeddable":true,"href":"https:\/\/www.parrocchiasantacecilia.it\/index.php\/wp-json\/wp\/v2\/tags?post=4293"}],"curies":[{"name":"wp","href":"https:\/\/api.w.org\/{rel}","templated":true}]}}