{"id":4417,"date":"2025-11-05T11:42:04","date_gmt":"2025-11-05T10:42:04","guid":{"rendered":"https:\/\/www.parrocchiasantacecilia.it\/?p=4417"},"modified":"2025-11-05T11:42:04","modified_gmt":"2025-11-05T10:42:04","slug":"il-principio-e-il-progetto-di-ogni-speranza","status":"publish","type":"post","link":"https:\/\/www.parrocchiasantacecilia.it\/index.php\/2025\/11\/05\/il-principio-e-il-progetto-di-ogni-speranza\/","title":{"rendered":"Il principio e il progetto di ogni speranza"},"content":{"rendered":"<p><strong>Il principio e il progetto di ogni speranza<\/strong><br \/>\na cura di Luca Micelli &#8211; Edizioni AVE<br \/>\n\ud83d\udcc5 In libreria dal 14 novembre<\/p>\n<p>Viviamo tempi in cui parlare di speranza sembra quasi un atto ingenuo.<br \/>\nEppure, Giorgio La Pira ci ricorda che la speranza non \u00e8 un sogno fragile, ma una forza che muove la storia, un cammino concreto verso una fraternit\u00e0 possibile, ma anche necessaria.<br \/>\nQuesto libro, a cura di Luca Micelli, raccoglie alcune delle sue parole pi\u00f9 luminose e le mette in dialogo con voci di oggi, che provano a leggerne l\u2019attualit\u00e0: la spiritualit\u00e0, la citt\u00e0, il lavoro, l\u2019economia, il Mediterraneo, il dialogo tra le religioni.<\/p>\n<p>Perch\u00e9 la speranza non si predica: si costruisce.<\/p>\n<p>Un testo che pu\u00f2 dire molto a chi pensa che la storia non sia finita, ma stia ancora andando verso una direzione precisa: la fraternit\u00e0 e la comunione dei popoli.<\/p>\n<p>Con Giorgio La Pira, parole e visioni per le sfide del nostro tempo.<\/p>\n","protected":false},"excerpt":{"rendered":"<p>Il principio e il progetto di ogni speranza a cura di Luca Micelli &#8211; Edizioni AVE \ud83d\udcc5 In libreria dal 14 novembre Viviamo tempi in cui parlare di speranza sembra quasi un atto ingenuo. Eppure, Giorgio La Pira ci ricorda che la speranza non \u00e8 un sogno fragile, ma una forza che muove la storia, un cammino concreto verso una fraternit\u00e0 possibile, ma anche necessaria. Questo libro, a cura di Luca Micelli, raccoglie alcune delle sue parole pi\u00f9 luminose e [&hellip;]<\/p>\n","protected":false},"author":1,"featured_media":4418,"comment_status":"open","ping_status":"open","sticky":false,"template":"","format":"standard","meta":{"ngg_post_thumbnail":0,"footnotes":""},"categories":[1],"tags":[],"class_list":["post-4417","post","type-post","status-publish","format-standard","has-post-thumbnail","hentry","category-senza-categoria"],"yoast_head":"<!-- This site is optimized with the Yoast SEO plugin v27.4 - https:\/\/yoast.com\/product\/yoast-seo-wordpress\/ -->\n<title>Il principio e il progetto di ogni speranza - Parrocchia Santa Cecilia<\/title>\n<meta name=\"robots\" content=\"index, follow, max-snippet:-1, max-image-preview:large, max-video-preview:-1\" \/>\n<link rel=\"canonical\" href=\"https:\/\/www.parrocchiasantacecilia.it\/index.php\/2025\/11\/05\/il-principio-e-il-progetto-di-ogni-speranza\/\" \/>\n<meta property=\"og:locale\" content=\"it_IT\" \/>\n<meta property=\"og:type\" content=\"article\" \/>\n<meta property=\"og:title\" content=\"Il principio e il progetto di ogni speranza - Parrocchia Santa Cecilia\" \/>\n<meta property=\"og:description\" content=\"Il principio e il progetto di ogni speranza a cura di Luca Micelli &#8211; Edizioni AVE \ud83d\udcc5 In libreria dal 14 novembre Viviamo tempi in cui parlare di speranza sembra quasi un atto ingenuo. Eppure, Giorgio La Pira ci ricorda che la speranza non \u00e8 un sogno fragile, ma una forza che muove la storia, un cammino concreto verso una fraternit\u00e0 possibile, ma anche necessaria. Questo libro, a cura di Luca Micelli, raccoglie alcune delle sue parole pi\u00f9 luminose e [&hellip;]\" \/>\n<meta property=\"og:url\" content=\"https:\/\/www.parrocchiasantacecilia.it\/index.php\/2025\/11\/05\/il-principio-e-il-progetto-di-ogni-speranza\/\" \/>\n<meta property=\"og:site_name\" content=\"Parrocchia Santa Cecilia\" \/>\n<meta property=\"article:publisher\" content=\"https:\/\/www.facebook.com\/ParrocchiaSantaCeciliaPotenza\/\" \/>\n<meta property=\"article:published_time\" content=\"2025-11-05T10:42:04+00:00\" \/>\n<meta property=\"og:image\" content=\"https:\/\/www.parrocchiasantacecilia.it\/wp-content\/uploads\/2025\/11\/Il-principio-e-il-progetto-di-ogni-speranza.jpeg\" \/>\n\t<meta property=\"og:image:width\" content=\"926\" \/>\n\t<meta property=\"og:image:height\" content=\"1468\" \/>\n\t<meta property=\"og:image:type\" content=\"image\/jpeg\" \/>\n<meta name=\"author\" content=\"Parrocchia Santa Cecilia\" \/>\n<meta name=\"twitter:card\" content=\"summary_large_image\" \/>\n<meta name=\"twitter:label1\" content=\"Scritto da\" \/>\n\t<meta name=\"twitter:data1\" content=\"Parrocchia Santa Cecilia\" \/>\n\t<meta name=\"twitter:label2\" content=\"Tempo di lettura stimato\" \/>\n\t<meta name=\"twitter:data2\" content=\"1 minuto\" \/>\n<script type=\"application\/ld+json\" class=\"yoast-schema-graph\">{\"@context\":\"https:\\\/\\\/schema.org\",\"@graph\":[{\"@type\":\"Article\",\"@id\":\"https:\\\/\\\/www.parrocchiasantacecilia.it\\\/index.php\\\/2025\\\/11\\\/05\\\/il-principio-e-il-progetto-di-ogni-speranza\\\/#article\",\"isPartOf\":{\"@id\":\"https:\\\/\\\/www.parrocchiasantacecilia.it\\\/index.php\\\/2025\\\/11\\\/05\\\/il-principio-e-il-progetto-di-ogni-speranza\\\/\"},\"author\":{\"name\":\"Parrocchia Santa Cecilia\",\"@id\":\"https:\\\/\\\/www.parrocchiasantacecilia.it\\\/#\\\/schema\\\/person\\\/918107dc70c7282ee24a85fc70f84d88\"},\"headline\":\"Il principio e il progetto di ogni speranza\",\"datePublished\":\"2025-11-05T10:42:04+00:00\",\"mainEntityOfPage\":{\"@id\":\"https:\\\/\\\/www.parrocchiasantacecilia.it\\\/index.php\\\/2025\\\/11\\\/05\\\/il-principio-e-il-progetto-di-ogni-speranza\\\/\"},\"wordCount\":165,\"commentCount\":0,\"publisher\":{\"@id\":\"https:\\\/\\\/www.parrocchiasantacecilia.it\\\/#organization\"},\"image\":{\"@id\":\"https:\\\/\\\/www.parrocchiasantacecilia.it\\\/index.php\\\/2025\\\/11\\\/05\\\/il-principio-e-il-progetto-di-ogni-speranza\\\/#primaryimage\"},\"thumbnailUrl\":\"https:\\\/\\\/www.parrocchiasantacecilia.it\\\/wp-content\\\/uploads\\\/2025\\\/11\\\/Il-principio-e-il-progetto-di-ogni-speranza.jpeg\",\"inLanguage\":\"it-IT\",\"potentialAction\":[{\"@type\":\"CommentAction\",\"name\":\"Comment\",\"target\":[\"https:\\\/\\\/www.parrocchiasantacecilia.it\\\/index.php\\\/2025\\\/11\\\/05\\\/il-principio-e-il-progetto-di-ogni-speranza\\\/#respond\"]}]},{\"@type\":\"WebPage\",\"@id\":\"https:\\\/\\\/www.parrocchiasantacecilia.it\\\/index.php\\\/2025\\\/11\\\/05\\\/il-principio-e-il-progetto-di-ogni-speranza\\\/\",\"url\":\"https:\\\/\\\/www.parrocchiasantacecilia.it\\\/index.php\\\/2025\\\/11\\\/05\\\/il-principio-e-il-progetto-di-ogni-speranza\\\/\",\"name\":\"Il principio e il progetto di ogni speranza - Parrocchia Santa Cecilia\",\"isPartOf\":{\"@id\":\"https:\\\/\\\/www.parrocchiasantacecilia.it\\\/#website\"},\"primaryImageOfPage\":{\"@id\":\"https:\\\/\\\/www.parrocchiasantacecilia.it\\\/index.php\\\/2025\\\/11\\\/05\\\/il-principio-e-il-progetto-di-ogni-speranza\\\/#primaryimage\"},\"image\":{\"@id\":\"https:\\\/\\\/www.parrocchiasantacecilia.it\\\/index.php\\\/2025\\\/11\\\/05\\\/il-principio-e-il-progetto-di-ogni-speranza\\\/#primaryimage\"},\"thumbnailUrl\":\"https:\\\/\\\/www.parrocchiasantacecilia.it\\\/wp-content\\\/uploads\\\/2025\\\/11\\\/Il-principio-e-il-progetto-di-ogni-speranza.jpeg\",\"datePublished\":\"2025-11-05T10:42:04+00:00\",\"breadcrumb\":{\"@id\":\"https:\\\/\\\/www.parrocchiasantacecilia.it\\\/index.php\\\/2025\\\/11\\\/05\\\/il-principio-e-il-progetto-di-ogni-speranza\\\/#breadcrumb\"},\"inLanguage\":\"it-IT\",\"potentialAction\":[{\"@type\":\"ReadAction\",\"target\":[\"https:\\\/\\\/www.parrocchiasantacecilia.it\\\/index.php\\\/2025\\\/11\\\/05\\\/il-principio-e-il-progetto-di-ogni-speranza\\\/\"]}]},{\"@type\":\"ImageObject\",\"inLanguage\":\"it-IT\",\"@id\":\"https:\\\/\\\/www.parrocchiasantacecilia.it\\\/index.php\\\/2025\\\/11\\\/05\\\/il-principio-e-il-progetto-di-ogni-speranza\\\/#primaryimage\",\"url\":\"https:\\\/\\\/www.parrocchiasantacecilia.it\\\/wp-content\\\/uploads\\\/2025\\\/11\\\/Il-principio-e-il-progetto-di-ogni-speranza.jpeg\",\"contentUrl\":\"https:\\\/\\\/www.parrocchiasantacecilia.it\\\/wp-content\\\/uploads\\\/2025\\\/11\\\/Il-principio-e-il-progetto-di-ogni-speranza.jpeg\",\"width\":926,\"height\":1468},{\"@type\":\"BreadcrumbList\",\"@id\":\"https:\\\/\\\/www.parrocchiasantacecilia.it\\\/index.php\\\/2025\\\/11\\\/05\\\/il-principio-e-il-progetto-di-ogni-speranza\\\/#breadcrumb\",\"itemListElement\":[{\"@type\":\"ListItem\",\"position\":1,\"name\":\"Home\",\"item\":\"https:\\\/\\\/www.parrocchiasantacecilia.it\\\/\"},{\"@type\":\"ListItem\",\"position\":2,\"name\":\"Il principio e il progetto di ogni speranza\"}]},{\"@type\":\"WebSite\",\"@id\":\"https:\\\/\\\/www.parrocchiasantacecilia.it\\\/#website\",\"url\":\"https:\\\/\\\/www.parrocchiasantacecilia.it\\\/\",\"name\":\"Parrocchia Santa Cecilia\",\"description\":\"Benvenuti nel sito della Parrocchia Santa Cecilia di Potenza\",\"publisher\":{\"@id\":\"https:\\\/\\\/www.parrocchiasantacecilia.it\\\/#organization\"},\"potentialAction\":[{\"@type\":\"SearchAction\",\"target\":{\"@type\":\"EntryPoint\",\"urlTemplate\":\"https:\\\/\\\/www.parrocchiasantacecilia.it\\\/?s={search_term_string}\"},\"query-input\":{\"@type\":\"PropertyValueSpecification\",\"valueRequired\":true,\"valueName\":\"search_term_string\"}}],\"inLanguage\":\"it-IT\"},{\"@type\":\"Organization\",\"@id\":\"https:\\\/\\\/www.parrocchiasantacecilia.it\\\/#organization\",\"name\":\"Parrocchia S. Cecilia\",\"url\":\"https:\\\/\\\/www.parrocchiasantacecilia.it\\\/\",\"logo\":{\"@type\":\"ImageObject\",\"inLanguage\":\"it-IT\",\"@id\":\"https:\\\/\\\/www.parrocchiasantacecilia.it\\\/#\\\/schema\\\/logo\\\/image\\\/\",\"url\":\"https:\\\/\\\/www.parrocchiasantacecilia.it\\\/wp-content\\\/uploads\\\/2021\\\/06\\\/Parrocchia-Santa-Cecilia-\u2013-Benvenuti-nel-sito-della-Parrocchia-Santa-Cecilia-di-Potenza-\u2013-Mozilla-Firefox-Navigazione-anonima-25_06_2021-18_56_32.jpg\",\"contentUrl\":\"https:\\\/\\\/www.parrocchiasantacecilia.it\\\/wp-content\\\/uploads\\\/2021\\\/06\\\/Parrocchia-Santa-Cecilia-\u2013-Benvenuti-nel-sito-della-Parrocchia-Santa-Cecilia-di-Potenza-\u2013-Mozilla-Firefox-Navigazione-anonima-25_06_2021-18_56_32.jpg\",\"width\":1200,\"height\":630,\"caption\":\"Parrocchia S. Cecilia\"},\"image\":{\"@id\":\"https:\\\/\\\/www.parrocchiasantacecilia.it\\\/#\\\/schema\\\/logo\\\/image\\\/\"},\"sameAs\":[\"https:\\\/\\\/www.facebook.com\\\/ParrocchiaSantaCeciliaPotenza\\\/\",\"https:\\\/\\\/www.youtube.com\\\/c\\\/ParrocchiaSantaCeciliaPotenza\"]},{\"@type\":\"Person\",\"@id\":\"https:\\\/\\\/www.parrocchiasantacecilia.it\\\/#\\\/schema\\\/person\\\/918107dc70c7282ee24a85fc70f84d88\",\"name\":\"Parrocchia Santa Cecilia\",\"image\":{\"@type\":\"ImageObject\",\"inLanguage\":\"it-IT\",\"@id\":\"https:\\\/\\\/secure.gravatar.com\\\/avatar\\\/4e4674a3952fa6444212c12e815f25a3d6cd9d8d5c1cad960484c02db3b092b2?s=96&d=mm&r=g\",\"url\":\"https:\\\/\\\/secure.gravatar.com\\\/avatar\\\/4e4674a3952fa6444212c12e815f25a3d6cd9d8d5c1cad960484c02db3b092b2?s=96&d=mm&r=g\",\"contentUrl\":\"https:\\\/\\\/secure.gravatar.com\\\/avatar\\\/4e4674a3952fa6444212c12e815f25a3d6cd9d8d5c1cad960484c02db3b092b2?s=96&d=mm&r=g\",\"caption\":\"Parrocchia Santa Cecilia\"},\"sameAs\":[\"http:\\\/\\\/www.parrocchiasantacecilia.it\"]}]}<\/script>\n<!-- \/ Yoast SEO plugin. -->","yoast_head_json":{"title":"Il principio e il progetto di ogni speranza - Parrocchia Santa Cecilia","robots":{"index":"index","follow":"follow","max-snippet":"max-snippet:-1","max-image-preview":"max-image-preview:large","max-video-preview":"max-video-preview:-1"},"canonical":"https:\/\/www.parrocchiasantacecilia.it\/index.php\/2025\/11\/05\/il-principio-e-il-progetto-di-ogni-speranza\/","og_locale":"it_IT","og_type":"article","og_title":"Il principio e il progetto di ogni speranza - Parrocchia Santa Cecilia","og_description":"Il principio e il progetto di ogni speranza a cura di Luca Micelli &#8211; Edizioni AVE \ud83d\udcc5 In libreria dal 14 novembre Viviamo tempi in cui parlare di speranza sembra quasi un atto ingenuo. Eppure, Giorgio La Pira ci ricorda che la speranza non \u00e8 un sogno fragile, ma una forza che muove la storia, un cammino concreto verso una fraternit\u00e0 possibile, ma anche necessaria. Questo libro, a cura di Luca Micelli, raccoglie alcune delle sue parole pi\u00f9 luminose e [&hellip;]","og_url":"https:\/\/www.parrocchiasantacecilia.it\/index.php\/2025\/11\/05\/il-principio-e-il-progetto-di-ogni-speranza\/","og_site_name":"Parrocchia Santa Cecilia","article_publisher":"https:\/\/www.facebook.com\/ParrocchiaSantaCeciliaPotenza\/","article_published_time":"2025-11-05T10:42:04+00:00","og_image":[{"width":926,"height":1468,"url":"https:\/\/www.parrocchiasantacecilia.it\/wp-content\/uploads\/2025\/11\/Il-principio-e-il-progetto-di-ogni-speranza.jpeg","type":"image\/jpeg"}],"author":"Parrocchia Santa Cecilia","twitter_card":"summary_large_image","twitter_misc":{"Scritto da":"Parrocchia Santa Cecilia","Tempo di lettura stimato":"1 minuto"},"schema":{"@context":"https:\/\/schema.org","@graph":[{"@type":"Article","@id":"https:\/\/www.parrocchiasantacecilia.it\/index.php\/2025\/11\/05\/il-principio-e-il-progetto-di-ogni-speranza\/#article","isPartOf":{"@id":"https:\/\/www.parrocchiasantacecilia.it\/index.php\/2025\/11\/05\/il-principio-e-il-progetto-di-ogni-speranza\/"},"author":{"name":"Parrocchia Santa Cecilia","@id":"https:\/\/www.parrocchiasantacecilia.it\/#\/schema\/person\/918107dc70c7282ee24a85fc70f84d88"},"headline":"Il principio e il progetto di ogni speranza","datePublished":"2025-11-05T10:42:04+00:00","mainEntityOfPage":{"@id":"https:\/\/www.parrocchiasantacecilia.it\/index.php\/2025\/11\/05\/il-principio-e-il-progetto-di-ogni-speranza\/"},"wordCount":165,"commentCount":0,"publisher":{"@id":"https:\/\/www.parrocchiasantacecilia.it\/#organization"},"image":{"@id":"https:\/\/www.parrocchiasantacecilia.it\/index.php\/2025\/11\/05\/il-principio-e-il-progetto-di-ogni-speranza\/#primaryimage"},"thumbnailUrl":"https:\/\/www.parrocchiasantacecilia.it\/wp-content\/uploads\/2025\/11\/Il-principio-e-il-progetto-di-ogni-speranza.jpeg","inLanguage":"it-IT","potentialAction":[{"@type":"CommentAction","name":"Comment","target":["https:\/\/www.parrocchiasantacecilia.it\/index.php\/2025\/11\/05\/il-principio-e-il-progetto-di-ogni-speranza\/#respond"]}]},{"@type":"WebPage","@id":"https:\/\/www.parrocchiasantacecilia.it\/index.php\/2025\/11\/05\/il-principio-e-il-progetto-di-ogni-speranza\/","url":"https:\/\/www.parrocchiasantacecilia.it\/index.php\/2025\/11\/05\/il-principio-e-il-progetto-di-ogni-speranza\/","name":"Il principio e il progetto di ogni speranza - Parrocchia Santa Cecilia","isPartOf":{"@id":"https:\/\/www.parrocchiasantacecilia.it\/#website"},"primaryImageOfPage":{"@id":"https:\/\/www.parrocchiasantacecilia.it\/index.php\/2025\/11\/05\/il-principio-e-il-progetto-di-ogni-speranza\/#primaryimage"},"image":{"@id":"https:\/\/www.parrocchiasantacecilia.it\/index.php\/2025\/11\/05\/il-principio-e-il-progetto-di-ogni-speranza\/#primaryimage"},"thumbnailUrl":"https:\/\/www.parrocchiasantacecilia.it\/wp-content\/uploads\/2025\/11\/Il-principio-e-il-progetto-di-ogni-speranza.jpeg","datePublished":"2025-11-05T10:42:04+00:00","breadcrumb":{"@id":"https:\/\/www.parrocchiasantacecilia.it\/index.php\/2025\/11\/05\/il-principio-e-il-progetto-di-ogni-speranza\/#breadcrumb"},"inLanguage":"it-IT","potentialAction":[{"@type":"ReadAction","target":["https:\/\/www.parrocchiasantacecilia.it\/index.php\/2025\/11\/05\/il-principio-e-il-progetto-di-ogni-speranza\/"]}]},{"@type":"ImageObject","inLanguage":"it-IT","@id":"https:\/\/www.parrocchiasantacecilia.it\/index.php\/2025\/11\/05\/il-principio-e-il-progetto-di-ogni-speranza\/#primaryimage","url":"https:\/\/www.parrocchiasantacecilia.it\/wp-content\/uploads\/2025\/11\/Il-principio-e-il-progetto-di-ogni-speranza.jpeg","contentUrl":"https:\/\/www.parrocchiasantacecilia.it\/wp-content\/uploads\/2025\/11\/Il-principio-e-il-progetto-di-ogni-speranza.jpeg","width":926,"height":1468},{"@type":"BreadcrumbList","@id":"https:\/\/www.parrocchiasantacecilia.it\/index.php\/2025\/11\/05\/il-principio-e-il-progetto-di-ogni-speranza\/#breadcrumb","itemListElement":[{"@type":"ListItem","position":1,"name":"Home","item":"https:\/\/www.parrocchiasantacecilia.it\/"},{"@type":"ListItem","position":2,"name":"Il principio e il progetto di ogni speranza"}]},{"@type":"WebSite","@id":"https:\/\/www.parrocchiasantacecilia.it\/#website","url":"https:\/\/www.parrocchiasantacecilia.it\/","name":"Parrocchia Santa Cecilia","description":"Benvenuti nel sito della Parrocchia Santa Cecilia di Potenza","publisher":{"@id":"https:\/\/www.parrocchiasantacecilia.it\/#organization"},"potentialAction":[{"@type":"SearchAction","target":{"@type":"EntryPoint","urlTemplate":"https:\/\/www.parrocchiasantacecilia.it\/?s={search_term_string}"},"query-input":{"@type":"PropertyValueSpecification","valueRequired":true,"valueName":"search_term_string"}}],"inLanguage":"it-IT"},{"@type":"Organization","@id":"https:\/\/www.parrocchiasantacecilia.it\/#organization","name":"Parrocchia S. Cecilia","url":"https:\/\/www.parrocchiasantacecilia.it\/","logo":{"@type":"ImageObject","inLanguage":"it-IT","@id":"https:\/\/www.parrocchiasantacecilia.it\/#\/schema\/logo\/image\/","url":"https:\/\/www.parrocchiasantacecilia.it\/wp-content\/uploads\/2021\/06\/Parrocchia-Santa-Cecilia-\u2013-Benvenuti-nel-sito-della-Parrocchia-Santa-Cecilia-di-Potenza-\u2013-Mozilla-Firefox-Navigazione-anonima-25_06_2021-18_56_32.jpg","contentUrl":"https:\/\/www.parrocchiasantacecilia.it\/wp-content\/uploads\/2021\/06\/Parrocchia-Santa-Cecilia-\u2013-Benvenuti-nel-sito-della-Parrocchia-Santa-Cecilia-di-Potenza-\u2013-Mozilla-Firefox-Navigazione-anonima-25_06_2021-18_56_32.jpg","width":1200,"height":630,"caption":"Parrocchia S. Cecilia"},"image":{"@id":"https:\/\/www.parrocchiasantacecilia.it\/#\/schema\/logo\/image\/"},"sameAs":["https:\/\/www.facebook.com\/ParrocchiaSantaCeciliaPotenza\/","https:\/\/www.youtube.com\/c\/ParrocchiaSantaCeciliaPotenza"]},{"@type":"Person","@id":"https:\/\/www.parrocchiasantacecilia.it\/#\/schema\/person\/918107dc70c7282ee24a85fc70f84d88","name":"Parrocchia Santa Cecilia","image":{"@type":"ImageObject","inLanguage":"it-IT","@id":"https:\/\/secure.gravatar.com\/avatar\/4e4674a3952fa6444212c12e815f25a3d6cd9d8d5c1cad960484c02db3b092b2?s=96&d=mm&r=g","url":"https:\/\/secure.gravatar.com\/avatar\/4e4674a3952fa6444212c12e815f25a3d6cd9d8d5c1cad960484c02db3b092b2?s=96&d=mm&r=g","contentUrl":"https:\/\/secure.gravatar.com\/avatar\/4e4674a3952fa6444212c12e815f25a3d6cd9d8d5c1cad960484c02db3b092b2?s=96&d=mm&r=g","caption":"Parrocchia Santa Cecilia"},"sameAs":["http:\/\/www.parrocchiasantacecilia.it"]}]}},"_links":{"self":[{"href":"https:\/\/www.parrocchiasantacecilia.it\/index.php\/wp-json\/wp\/v2\/posts\/4417","targetHints":{"allow":["GET"]}}],"collection":[{"href":"https:\/\/www.parrocchiasantacecilia.it\/index.php\/wp-json\/wp\/v2\/posts"}],"about":[{"href":"https:\/\/www.parrocchiasantacecilia.it\/index.php\/wp-json\/wp\/v2\/types\/post"}],"author":[{"embeddable":true,"href":"https:\/\/www.parrocchiasantacecilia.it\/index.php\/wp-json\/wp\/v2\/users\/1"}],"replies":[{"embeddable":true,"href":"https:\/\/www.parrocchiasantacecilia.it\/index.php\/wp-json\/wp\/v2\/comments?post=4417"}],"version-history":[{"count":1,"href":"https:\/\/www.parrocchiasantacecilia.it\/index.php\/wp-json\/wp\/v2\/posts\/4417\/revisions"}],"predecessor-version":[{"id":4419,"href":"https:\/\/www.parrocchiasantacecilia.it\/index.php\/wp-json\/wp\/v2\/posts\/4417\/revisions\/4419"}],"wp:featuredmedia":[{"embeddable":true,"href":"https:\/\/www.parrocchiasantacecilia.it\/index.php\/wp-json\/wp\/v2\/media\/4418"}],"wp:attachment":[{"href":"https:\/\/www.parrocchiasantacecilia.it\/index.php\/wp-json\/wp\/v2\/media?parent=4417"}],"wp:term":[{"taxonomy":"category","embeddable":true,"href":"https:\/\/www.parrocchiasantacecilia.it\/index.php\/wp-json\/wp\/v2\/categories?post=4417"},{"taxonomy":"post_tag","embeddable":true,"href":"https:\/\/www.parrocchiasantacecilia.it\/index.php\/wp-json\/wp\/v2\/tags?post=4417"}],"curies":[{"name":"wp","href":"https:\/\/api.w.org\/{rel}","templated":true}]}}